{"id":53,"date":"2020-08-08T22:43:01","date_gmt":"2020-08-08T22:43:01","guid":{"rendered":"http:\/\/lantyer.com.br\/?p=53"},"modified":"2021-05-06T17:49:54","modified_gmt":"2021-05-06T17:49:54","slug":"broadcasting-rights-in-football-and-provisional-measure-984-2020","status":"publish","type":"post","link":"https:\/\/lantyer.com.br\/en\/broadcasting-rights-in-football-and-provisional-measure-984-2020\/","title":{"rendered":"Broadcasting Rights in Football and Provisional Measure 984\/2020"},"content":{"rendered":"\n<h2 class=\"wp-block-heading\">1. MUDAN\u00c7A DE PARADIGMA<\/h2>\n\n\n\n<p>No dia 18\/06\/2020 foi editada a Medida Provis\u00f3ria n\u00ba 984\/2020 alterando o artigo 42 da Lei n\u00ba 9.615\/1998 (Lei Pel\u00e9) que versava sobre direitos de transmiss\u00e3o de entidades esportivas.<\/p>\n\n\n\n<p>O art. 42 da Lei Pel\u00e9, antes da MP 984\/2020, estabelecia que pertence as entidades de pr\u00e1ticas desportiva o direito de negociar, proibir e autorizar a fixa\u00e7\u00e3o, transmiss\u00e3o ou retransmiss\u00e3o de imagem de espet\u00e1culo ou eventos desportivos de que participem (BRASIL, 2020)<\/p>\n\n\n\n<p>Na pr\u00e1tica, com a reda\u00e7\u00e3o antiga da Lei Pel\u00e9, para transmiss\u00e3o de uma partida de futebol, os dois clubes deveriam autorizar a transmiss\u00e3o por uma dada emissora. Caso n\u00e3o houvesse anu\u00eancia dos dois clubes, o jogo n\u00e3o poderia ser transmitido. Seria necess\u00e1rio um contrato formal e espec\u00edfico dos clubes com a entidade que pretendesse transmitir os jogos.<\/p>\n\n\n\n<p>Por exemplo, em 2016, alguns clubes assinaram com a Turner para os direitos de transmiss\u00e3o do Campeonato Brasileiro entre 2019 e 2024 na TV fechada. Assim, partidas entre times de diferentes emissoras n\u00e3o poderiam ser transmitidos, conforme a reda\u00e7\u00e3o anterior da Lei Pel\u00e9.<\/p>\n\n\n\n<p>Neste sentido, a menos que houvesse acordo entre todas as partes envolvidas, um time que assinou com a Globo n\u00e3o poderia ter o jogo transmitido quando enfrentasse um time que assinou com a Turner, em TV fechada.<\/p>\n\n\n\n<p>Com a Medida Provis\u00f3ria 984\/2020, agora o mandante do jogo det\u00e9m os direitos de arena, n\u00e3o sendo mais necess\u00e1rio a anu\u00eancia de todas as partes envolvidas na transmiss\u00e3o da partida. Nesta senda, assim disp\u00f5e a nova reda\u00e7\u00e3o:<\/p>\n\n\n\n<blockquote class=\"wp-block-quote is-layout-flow wp-block-quote-is-layout-flow\"><p>\u201cArt. 42. Pertence \u00e0 entidade de pr\u00e1tica desportiva mandante o direito de arena sobre o espet\u00e1culo desportivo, consiste na prerrogativa exclusiva de negociar, autorizar ou proibir a capta\u00e7\u00e3o, a fixa\u00e7\u00e3o, a emiss\u00e3o, a transmiss\u00e3o, a retransmiss\u00e3o ou a reprodu\u00e7\u00e3o de imagens, por qualquer meio ou processo, do espet\u00e1culo desportivo (BRASIL, 2020).\u201d<\/p><\/blockquote>\n\n\n\n<p>Guilherme Bellintani, presidente do Bahia, defendeu em rede sociais a import\u00e2ncia das mudan\u00e7as trazidas pela MP:<\/p>\n\n\n\n<blockquote class=\"wp-block-quote is-layout-flow wp-block-quote-is-layout-flow\"><p>&#8220;Sem a ideal uni\u00e3o de 20 clubes (quem sabe um dia), a MP traz um modelo que estimula muito a forma\u00e7\u00e3o de blocos parciais, cons\u00f3rcios de clubes etc. Pode ser um come\u00e7o da cultura de uni\u00e3o, que at\u00e9 ent\u00e3o n\u00e3o estava fortalecida.<\/p><\/blockquote>\n\n\n\n<blockquote class=\"wp-block-quote is-layout-flow wp-block-quote-is-layout-flow\"><p>Antes da MP, se dez clubes se unissem em bloco, poderiam vender 90 jogos do Brasileir\u00e3o (do total de 380). Mesmo sendo 50% dos clubes, s\u00f3 det\u00e9m menos de 25% dos jogos. Os outros jogos desses clubes desaparecem do mercado, viram p\u00f3. Clube ganha menos e o torcedor \u00e9 prejudicado.<\/p><\/blockquote>\n\n\n\n<blockquote class=\"wp-block-quote is-layout-flow wp-block-quote-is-layout-flow\"><p>Com a MP, esses dez clubes passariam a vender 190 jogos, mais que dobrando a quantidade de jogos a serem comercializados. O produto, portanto, valer\u00e1 mais, e o torcedor \u00e9 diretamente beneficiado com isso (ARAG\u00c3O, 2020)<\/p><\/blockquote>\n\n\n\n<p>Por outro lado, Avancini (2020) afirma que se a MP for aprovada pelo Congresso e n\u00e3o for alterada por diversas emendas, pode-se prejudicar os times de m\u00e9dio e pequeno porte, j\u00e1 que estes t\u00eam menor poderio financeiro, torcidas menores, e consequentemente um menor mercado consumidor.<\/p>\n\n\n\n<p>O poder migrou para as m\u00e3os do consumidor, algo j\u00e1 percebido tanto pelos\u00a0<em>players<\/em>, pela torcida e pelo mercado em geral, onde isso vai decidir as rubricas do mercado da bola.\u00a0Essa nova din\u00e2mica, permite a produ\u00e7\u00e3o de conte\u00fado institucional dos clubes, que pode gerar um enorme ganho de capital as entidades que souberem aproveitar (AVANCINI, 2020).<\/p>\n\n\n\n<figure class=\"wp-block-image size-large\"><img fetchpriority=\"high\" decoding=\"async\" width=\"990\" height=\"618\" src=\"https:\/\/lantyer.com.br\/wp-content\/uploads\/2020\/09\/1-41.jpg\" alt=\"\" class=\"wp-image-1351\" srcset=\"https:\/\/lantyer.com.br\/wp-content\/uploads\/2020\/09\/1-41.jpg 990w, https:\/\/lantyer.com.br\/wp-content\/uploads\/2020\/09\/1-41-300x187.jpg 300w, https:\/\/lantyer.com.br\/wp-content\/uploads\/2020\/09\/1-41-768x479.jpg 768w\" sizes=\"(max-width: 990px) 100vw, 990px\" \/><\/figure>\n\n\n\n<p>Importante destacar que as referidas mudan\u00e7as n\u00e3o se aplicam aos contratos em vig\u00eancia antes da edi\u00e7\u00e3o da Medida Provis\u00f3ria 984\/2020, constitu\u00eddos como atos jur\u00eddicos perfeito, j\u00e1 que se firmaram sob a \u00e9gide da reda\u00e7\u00e3o anterior da Lei Pel\u00e9 (9.615\/1998).<\/p>\n\n\n\n<p>Segundo Ongaratto (2010), o ato jur\u00eddico perfeito, consagra o princ\u00edpio da seguran\u00e7a jur\u00eddica, pois preserva as situa\u00e7\u00f5es devidamente constitu\u00eddas na vig\u00eancia da lei anterior, porque a lei nova s\u00f3 projeta seus efeitos para o futuro, como regra.<\/p>\n\n\n\n<p>Os times que souberem aproveitar as oportunidades do momento podem largar na frente, podendo ter reflexos promissores num futuro pr\u00f3ximo. Contudo, s\u00f3 podemos falar de maneira definitiva quanto aos efeitos da Medida Provis\u00f3ria 984\/2020, caso esta seja convertida em lei pelo Congresso Nacional, que depender\u00e1 de articula\u00e7\u00e3o pol\u00edtica. Mesmo assim, a edi\u00e7\u00e3o da MP j\u00e1 traz uma discuss\u00e3o fundamental ao mercado, bem como pode sedimentar um novo modelo de neg\u00f3cio no \u00e2mbito desportivo.<\/p>\n\n\n\n<h3 class=\"wp-block-heading\"><strong>REFER\u00caNCIAS<\/strong><\/h3>\n\n\n\n<p>ARAG\u00c3O, Leandro. Ap\u00f3s MP, Bellintani projeta cria\u00e7\u00e3o de blocos de clubes para negociar transmiss\u00e3o de jogos. Bahia Not\u00edcias, [S. l.], p. 1, 19 jun. 2020. Dispon\u00edvel em: https:\/\/www.bahianoticias.com.br\/esportes\/bahia\/23914-apos-mp-bellintani-projeta-criacao-de-blocos-de-clubes-para-negociar-transmissao-de-jogos.html. Acesso em: 6 jul. 2020.<\/p>\n\n\n\n<p>AVANCINI, Jorge. MP 984\/2020: eu era feliz e n\u00e3o sabia. Mktesportivo, [s. l.], 1 jul. 2020. Dispon\u00edvel em: https:\/\/www.mktesportivo.com\/2020\/07\/mp-984-2020-eu-era-feliz-e-nao-sabia\/. Acesso em: 6 jul. 2020.<\/p>\n\n\n\n<p>BRASIL. Medida Provis\u00f3ria 984 de 18 de junho de 2020. Di\u00e1rio Oficial da Uni\u00e3o. Dispon\u00edvel em&nbsp;<a href=\"http:\/\/www.planalto.gov.br\/ccivil_03\/_ato2019-2022\/2020\/mpv\/mpv984.htm\" target=\"_blank\" rel=\"noreferrer noopener\">http:\/\/www.planalto.gov.br\/ccivil_03\/_ato2019-2022\/2020\/mpv\/mpv984.htm<\/a>. Acesso em 06 jul 2020.<\/p>\n\n\n\n<p>OHATA, Eduardo. Clubes fechados com a Globo at\u00e9 2020 estendem v\u00ednculo por mais quatro anos. Uol Esportes, [S. l.], p. 1, 1 jun. 2016. Dispon\u00edvel em: https:\/\/blogdoohata.blogosfera.uol.com.br\/2016\/06\/01\/clubes-fechados-com-a-globo-ate-2020-estendem-vinculo-por-mais-quatro-anos\/. Acesso em: 6 jul. 2020.<\/p>\n\n\n\n<p>ONGARATTO, Vinicius. Ato jur\u00eddico perfeito, coisa julgada e direito adquirido. \u00c2mbito Jur\u00eddico, [S. l.], p. 1, 1 out. 2010. Dispon\u00edvel em: https:\/\/ambitojuridico.com.br\/cadernos\/direito-processual-civil\/ato-juridico-perfeito-coisa-julgada-e-direito-adquirido\/. Acesso em: 6 jul. 2020.<\/p>\n","protected":false},"excerpt":{"rendered":"<p>This article discusses Provisional Measure 984\/2020, which introduced changes to broadcasting rights in football.<\/p>","protected":false},"author":1,"featured_media":1351,"comment_status":"open","ping_status":"open","sticky":false,"template":"","format":"standard","meta":{"footnotes":""},"categories":[7],"tags":[8],"class_list":["post-53","post","type-post","status-publish","format-standard","has-post-thumbnail","hentry","category-direito-desportivo","tag-direito-desportivo"],"yoast_head":"<!-- This site is optimized with the Yoast SEO Premium plugin v26.1 (Yoast SEO v27.5) - https:\/\/yoast.com\/product\/yoast-seo-premium-wordpress\/ -->\n<title>Os Direitos de Transmiss\u00e3o no Futebol e a Medida Provis\u00f3ria 984\/2020 &#8211; Lantyer Educacional<\/title>\n<meta name=\"description\" content=\"O presente artigo fala acerca da Medida Provis\u00f3ria 984\/2020 que promoveu altera\u00e7\u00f5es quanto aos direitos de transmiss\u00e3o no Futebol.\" \/>\n<meta name=\"robots\" content=\"index, follow, max-snippet:-1, max-image-preview:large, max-video-preview:-1\" \/>\n<link rel=\"canonical\" href=\"https:\/\/lantyer.com.br\/en\/broadcasting-rights-in-football-and-provisional-measure-984-2020\/\" \/>\n<meta property=\"og:locale\" content=\"en_US\" \/>\n<meta property=\"og:type\" content=\"article\" \/>\n<meta property=\"og:title\" content=\"Os Direitos de Transmiss\u00e3o no Futebol e a Medida Provis\u00f3ria 984\/2020\" \/>\n<meta property=\"og:description\" content=\"O presente artigo fala acerca da Medida Provis\u00f3ria 984\/2020 que promoveu altera\u00e7\u00f5es quanto aos direitos de transmiss\u00e3o no Futebol.\" \/>\n<meta property=\"og:url\" content=\"https:\/\/lantyer.com.br\/en\/broadcasting-rights-in-football-and-provisional-measure-984-2020\/\" \/>\n<meta property=\"og:site_name\" content=\"Lantyer Educacional\" \/>\n<meta property=\"article:publisher\" content=\"https:\/\/www.facebook.com\/lantyereducacional\" \/>\n<meta property=\"article:published_time\" content=\"2020-08-08T22:43:01+00:00\" \/>\n<meta property=\"article:modified_time\" content=\"2021-05-06T17:49:54+00:00\" \/>\n<meta property=\"og:image\" content=\"https:\/\/lantyer.com.br\/wp-content\/uploads\/2020\/09\/1-41.jpg\" \/>\n\t<meta property=\"og:image:width\" content=\"990\" \/>\n\t<meta property=\"og:image:height\" content=\"618\" \/>\n\t<meta property=\"og:image:type\" content=\"image\/jpeg\" \/>\n<meta name=\"author\" content=\"Victor Habib Lantyer\" \/>\n<meta name=\"twitter:card\" content=\"summary_large_image\" \/>\n<meta name=\"twitter:label1\" content=\"Written by\" \/>\n\t<meta name=\"twitter:data1\" content=\"Victor Habib Lantyer\" \/>\n\t<meta name=\"twitter:label2\" content=\"Est. reading time\" \/>\n\t<meta name=\"twitter:data2\" content=\"5 minutes\" \/>\n<script type=\"application\/ld+json\" class=\"yoast-schema-graph\">{\"@context\":\"https:\\\/\\\/schema.org\",\"@graph\":[{\"@type\":\"Article\",\"@id\":\"https:\\\/\\\/lantyer.com.br\\\/os-direitos-de-transmissao-no-futebol-e-a-medida-provisoria-984-2020\\\/#article\",\"isPartOf\":{\"@id\":\"https:\\\/\\\/lantyer.com.br\\\/os-direitos-de-transmissao-no-futebol-e-a-medida-provisoria-984-2020\\\/\"},\"author\":{\"name\":\"Victor Habib Lantyer\",\"@id\":\"https:\\\/\\\/lantyer.com.br\\\/#\\\/schema\\\/person\\\/60a8acfc49507c2509e5f0c89f93f17b\"},\"headline\":\"Os Direitos de Transmiss\u00e3o no Futebol e a Medida Provis\u00f3ria 984\\\/2020\",\"datePublished\":\"2020-08-08T22:43:01+00:00\",\"dateModified\":\"2021-05-06T17:49:54+00:00\",\"mainEntityOfPage\":{\"@id\":\"https:\\\/\\\/lantyer.com.br\\\/os-direitos-de-transmissao-no-futebol-e-a-medida-provisoria-984-2020\\\/\"},\"wordCount\":925,\"commentCount\":0,\"publisher\":{\"@id\":\"https:\\\/\\\/lantyer.com.br\\\/#organization\"},\"image\":{\"@id\":\"https:\\\/\\\/lantyer.com.br\\\/os-direitos-de-transmissao-no-futebol-e-a-medida-provisoria-984-2020\\\/#primaryimage\"},\"thumbnailUrl\":\"https:\\\/\\\/lantyer.com.br\\\/wp-content\\\/uploads\\\/2020\\\/09\\\/1-41.jpg\",\"keywords\":[\"Direito Desportivo\"],\"articleSection\":[\"Direito Desportivo\"],\"inLanguage\":\"en-US\",\"potentialAction\":[{\"@type\":\"CommentAction\",\"name\":\"Comment\",\"target\":[\"https:\\\/\\\/lantyer.com.br\\\/os-direitos-de-transmissao-no-futebol-e-a-medida-provisoria-984-2020\\\/#respond\"]}],\"copyrightYear\":\"2020\",\"copyrightHolder\":{\"@id\":\"https:\\\/\\\/lantyer.com.br\\\/en\\\/#organization\"}},{\"@type\":\"WebPage\",\"@id\":\"https:\\\/\\\/lantyer.com.br\\\/os-direitos-de-transmissao-no-futebol-e-a-medida-provisoria-984-2020\\\/\",\"url\":\"https:\\\/\\\/lantyer.com.br\\\/os-direitos-de-transmissao-no-futebol-e-a-medida-provisoria-984-2020\\\/\",\"name\":\"Os Direitos de Transmiss\u00e3o no Futebol e a Medida Provis\u00f3ria 984\\\/2020 &#8211; Lantyer Educacional\",\"isPartOf\":{\"@id\":\"https:\\\/\\\/lantyer.com.br\\\/#website\"},\"primaryImageOfPage\":{\"@id\":\"https:\\\/\\\/lantyer.com.br\\\/os-direitos-de-transmissao-no-futebol-e-a-medida-provisoria-984-2020\\\/#primaryimage\"},\"image\":{\"@id\":\"https:\\\/\\\/lantyer.com.br\\\/os-direitos-de-transmissao-no-futebol-e-a-medida-provisoria-984-2020\\\/#primaryimage\"},\"thumbnailUrl\":\"https:\\\/\\\/lantyer.com.br\\\/wp-content\\\/uploads\\\/2020\\\/09\\\/1-41.jpg\",\"datePublished\":\"2020-08-08T22:43:01+00:00\",\"dateModified\":\"2021-05-06T17:49:54+00:00\",\"description\":\"O presente artigo fala acerca da Medida Provis\u00f3ria 984\\\/2020 que promoveu altera\u00e7\u00f5es quanto aos direitos de transmiss\u00e3o no Futebol.\",\"breadcrumb\":{\"@id\":\"https:\\\/\\\/lantyer.com.br\\\/os-direitos-de-transmissao-no-futebol-e-a-medida-provisoria-984-2020\\\/#breadcrumb\"},\"inLanguage\":\"en-US\",\"potentialAction\":[{\"@type\":\"ReadAction\",\"target\":[\"https:\\\/\\\/lantyer.com.br\\\/os-direitos-de-transmissao-no-futebol-e-a-medida-provisoria-984-2020\\\/\"]}]},{\"@type\":\"ImageObject\",\"inLanguage\":\"en-US\",\"@id\":\"https:\\\/\\\/lantyer.com.br\\\/os-direitos-de-transmissao-no-futebol-e-a-medida-provisoria-984-2020\\\/#primaryimage\",\"url\":\"https:\\\/\\\/lantyer.com.br\\\/wp-content\\\/uploads\\\/2020\\\/09\\\/1-41.jpg\",\"contentUrl\":\"https:\\\/\\\/lantyer.com.br\\\/wp-content\\\/uploads\\\/2020\\\/09\\\/1-41.jpg\",\"width\":990,\"height\":618},{\"@type\":\"BreadcrumbList\",\"@id\":\"https:\\\/\\\/lantyer.com.br\\\/os-direitos-de-transmissao-no-futebol-e-a-medida-provisoria-984-2020\\\/#breadcrumb\",\"itemListElement\":[{\"@type\":\"ListItem\",\"position\":1,\"name\":\"In\u00edcio\",\"item\":\"https:\\\/\\\/lantyer.com.br\\\/\"},{\"@type\":\"ListItem\",\"position\":2,\"name\":\"Os Direitos de Transmiss\u00e3o no Futebol e a Medida Provis\u00f3ria 984\\\/2020\"}]},{\"@type\":\"WebSite\",\"@id\":\"https:\\\/\\\/lantyer.com.br\\\/#website\",\"url\":\"https:\\\/\\\/lantyer.com.br\\\/\",\"name\":\"Lantyer Educacional\",\"description\":\"Direito Descomplicado. Simples, F\u00e1cil e Democr\u00e1tico\",\"publisher\":{\"@id\":\"https:\\\/\\\/lantyer.com.br\\\/#organization\"},\"potentialAction\":[{\"@type\":\"SearchAction\",\"target\":{\"@type\":\"EntryPoint\",\"urlTemplate\":\"https:\\\/\\\/lantyer.com.br\\\/?s={search_term_string}\"},\"query-input\":{\"@type\":\"PropertyValueSpecification\",\"valueRequired\":true,\"valueName\":\"search_term_string\"}}],\"inLanguage\":\"en-US\"},{\"@type\":\"Organization\",\"@id\":\"https:\\\/\\\/lantyer.com.br\\\/#organization\",\"name\":\"Lantyer Educacional\",\"url\":\"https:\\\/\\\/lantyer.com.br\\\/\",\"logo\":{\"@type\":\"ImageObject\",\"inLanguage\":\"en-US\",\"@id\":\"https:\\\/\\\/lantyer.com.br\\\/#\\\/schema\\\/logo\\\/image\\\/\",\"url\":\"https:\\\/\\\/lantyer.com.br\\\/wp-content\\\/uploads\\\/2024\\\/01\\\/cropped-logo_transparent_background.png\",\"contentUrl\":\"https:\\\/\\\/lantyer.com.br\\\/wp-content\\\/uploads\\\/2024\\\/01\\\/cropped-logo_transparent_background.png\",\"width\":3400,\"height\":938,\"caption\":\"Lantyer Educacional\"},\"image\":{\"@id\":\"https:\\\/\\\/lantyer.com.br\\\/#\\\/schema\\\/logo\\\/image\\\/\"},\"sameAs\":[\"https:\\\/\\\/www.facebook.com\\\/lantyereducacional\",\"https:\\\/\\\/www.instagram.com\\\/lantyereducacional\",\"https:\\\/\\\/www.linkedin.com\\\/company\\\/lantyer-educacional\",\"https:\\\/\\\/t.me\\\/lantyereducacional\"],\"description\":\"Lantyer Educacional \u00e9 uma plataforma inovadora focada na educa\u00e7\u00e3o jur\u00eddica de alta qualidade. Oferecemos cursos online exclusivos para advogados, estudantes e operadores do direito, com \u00eanfase em tecnologia, intelig\u00eancia artificial e direito digital. Nosso objetivo \u00e9 capacitar profissionais com as ferramentas necess\u00e1rias para se destacarem no mercado jur\u00eddico moderno, proporcionando aprendizado pr\u00e1tico e atualizado.\",\"publishingPrinciples\":\"https:\\\/\\\/lantyer.com.br\\\/submissao-de-artigo\\\/\"},{\"@type\":\"Person\",\"@id\":\"https:\\\/\\\/lantyer.com.br\\\/#\\\/schema\\\/person\\\/60a8acfc49507c2509e5f0c89f93f17b\",\"name\":\"Victor Habib Lantyer\",\"description\":\"Advogado, professor, Autor e Pesquisador, especializado em Direito Digital, IA, Propriedade Intelectual e LGPD. Autor do livro LGPD e Seus Reflexos no Direito do Trabalho e Direito Digital e Inova\u00e7\u00e3o mais de 7 obras jur\u00eddicas. Membro da Comiss\u00e3o Permanente de Tecnologia e Inova\u00e7\u00e3o da OAB\\\/BA: Coordenador da coordena\u00e7\u00e3o de Intelig\u00eancia Artificial e membro das coordena\u00e7\u00f5es de LGPD e Metaverso. Membro da Associa\u00e7\u00e3o Nacional de Advogados de Direito Digital. Criador e idealizador do site Lantyer Educacional (www.lantyer.com.br), descomplicando assuntos jur\u00eddicos de forma simples, f\u00e1cil e democr\u00e1tica.\",\"sameAs\":[\"http:\\\/\\\/lantyer.com.br\",\"https:\\\/\\\/www.instagram.com\\\/victorhabib\\\/?hl=pt-br\",\"https:\\\/\\\/www.linkedin.com\\\/in\\\/victorlantyer\\\/\"],\"award\":[\"Ganhador do I Pr\u00eamio Ericsson de Produ\u00e7\u00e3o Acad\u00eamica em Propriedade Intelectual\"]}]}<\/script>\n<!-- \/ Yoast SEO Premium plugin. -->","yoast_head_json":{"title":"Broadcast Rights in Football and Provisional Measure 984\/2020 \u2013 Lantyer Educational","description":"This article discusses Provisional Measure 984\/2020, which introduced changes to broadcasting rights in football.","robots":{"index":"index","follow":"follow","max-snippet":"max-snippet:-1","max-image-preview":"max-image-preview:large","max-video-preview":"max-video-preview:-1"},"canonical":"https:\/\/lantyer.com.br\/en\/broadcasting-rights-in-football-and-provisional-measure-984-2020\/","og_locale":"en_US","og_type":"article","og_title":"Os Direitos de Transmiss\u00e3o no Futebol e a Medida Provis\u00f3ria 984\/2020","og_description":"O presente artigo fala acerca da Medida Provis\u00f3ria 984\/2020 que promoveu altera\u00e7\u00f5es quanto aos direitos de transmiss\u00e3o no Futebol.","og_url":"https:\/\/lantyer.com.br\/en\/broadcasting-rights-in-football-and-provisional-measure-984-2020\/","og_site_name":"Lantyer Educacional","article_publisher":"https:\/\/www.facebook.com\/lantyereducacional","article_published_time":"2020-08-08T22:43:01+00:00","article_modified_time":"2021-05-06T17:49:54+00:00","og_image":[{"width":990,"height":618,"url":"https:\/\/lantyer.com.br\/wp-content\/uploads\/2020\/09\/1-41.jpg","type":"image\/jpeg"}],"author":"Victor Habib Lantyer","twitter_card":"summary_large_image","twitter_misc":{"Written by":"Victor Habib Lantyer","Est. reading time":"5 minutes"},"schema":{"@context":"https:\/\/schema.org","@graph":[{"@type":"Article","@id":"https:\/\/lantyer.com.br\/os-direitos-de-transmissao-no-futebol-e-a-medida-provisoria-984-2020\/#article","isPartOf":{"@id":"https:\/\/lantyer.com.br\/os-direitos-de-transmissao-no-futebol-e-a-medida-provisoria-984-2020\/"},"author":{"name":"Victor Habib Lantyer","@id":"https:\/\/lantyer.com.br\/#\/schema\/person\/60a8acfc49507c2509e5f0c89f93f17b"},"headline":"Os Direitos de Transmiss\u00e3o no Futebol e a Medida Provis\u00f3ria 984\/2020","datePublished":"2020-08-08T22:43:01+00:00","dateModified":"2021-05-06T17:49:54+00:00","mainEntityOfPage":{"@id":"https:\/\/lantyer.com.br\/os-direitos-de-transmissao-no-futebol-e-a-medida-provisoria-984-2020\/"},"wordCount":925,"commentCount":0,"publisher":{"@id":"https:\/\/lantyer.com.br\/#organization"},"image":{"@id":"https:\/\/lantyer.com.br\/os-direitos-de-transmissao-no-futebol-e-a-medida-provisoria-984-2020\/#primaryimage"},"thumbnailUrl":"https:\/\/lantyer.com.br\/wp-content\/uploads\/2020\/09\/1-41.jpg","keywords":["Direito Desportivo"],"articleSection":["Direito Desportivo"],"inLanguage":"en-US","potentialAction":[{"@type":"CommentAction","name":"Comment","target":["https:\/\/lantyer.com.br\/os-direitos-de-transmissao-no-futebol-e-a-medida-provisoria-984-2020\/#respond"]}],"copyrightYear":"2020","copyrightHolder":{"@id":"https:\/\/lantyer.com.br\/en\/#organization"}},{"@type":"WebPage","@id":"https:\/\/lantyer.com.br\/os-direitos-de-transmissao-no-futebol-e-a-medida-provisoria-984-2020\/","url":"https:\/\/lantyer.com.br\/os-direitos-de-transmissao-no-futebol-e-a-medida-provisoria-984-2020\/","name":"Broadcast Rights in Football and Provisional Measure 984\/2020 \u2013 Lantyer Educational","isPartOf":{"@id":"https:\/\/lantyer.com.br\/#website"},"primaryImageOfPage":{"@id":"https:\/\/lantyer.com.br\/os-direitos-de-transmissao-no-futebol-e-a-medida-provisoria-984-2020\/#primaryimage"},"image":{"@id":"https:\/\/lantyer.com.br\/os-direitos-de-transmissao-no-futebol-e-a-medida-provisoria-984-2020\/#primaryimage"},"thumbnailUrl":"https:\/\/lantyer.com.br\/wp-content\/uploads\/2020\/09\/1-41.jpg","datePublished":"2020-08-08T22:43:01+00:00","dateModified":"2021-05-06T17:49:54+00:00","description":"This article discusses Provisional Measure 984\/2020, which introduced changes to broadcasting rights in football.","breadcrumb":{"@id":"https:\/\/lantyer.com.br\/os-direitos-de-transmissao-no-futebol-e-a-medida-provisoria-984-2020\/#breadcrumb"},"inLanguage":"en-US","potentialAction":[{"@type":"ReadAction","target":["https:\/\/lantyer.com.br\/os-direitos-de-transmissao-no-futebol-e-a-medida-provisoria-984-2020\/"]}]},{"@type":"ImageObject","inLanguage":"en-US","@id":"https:\/\/lantyer.com.br\/os-direitos-de-transmissao-no-futebol-e-a-medida-provisoria-984-2020\/#primaryimage","url":"https:\/\/lantyer.com.br\/wp-content\/uploads\/2020\/09\/1-41.jpg","contentUrl":"https:\/\/lantyer.com.br\/wp-content\/uploads\/2020\/09\/1-41.jpg","width":990,"height":618},{"@type":"BreadcrumbList","@id":"https:\/\/lantyer.com.br\/os-direitos-de-transmissao-no-futebol-e-a-medida-provisoria-984-2020\/#breadcrumb","itemListElement":[{"@type":"ListItem","position":1,"name":"In\u00edcio","item":"https:\/\/lantyer.com.br\/"},{"@type":"ListItem","position":2,"name":"Os Direitos de Transmiss\u00e3o no Futebol e a Medida Provis\u00f3ria 984\/2020"}]},{"@type":"WebSite","@id":"https:\/\/lantyer.com.br\/#website","url":"https:\/\/lantyer.com.br\/","name":"Lantyer Educational","description":"Uncomplicated Law. Simple, Easy, and Democratic","publisher":{"@id":"https:\/\/lantyer.com.br\/#organization"},"potentialAction":[{"@type":"SearchAction","target":{"@type":"EntryPoint","urlTemplate":"https:\/\/lantyer.com.br\/?s={search_term_string}"},"query-input":{"@type":"PropertyValueSpecification","valueRequired":true,"valueName":"search_term_string"}}],"inLanguage":"en-US"},{"@type":"Organization","@id":"https:\/\/lantyer.com.br\/#organization","name":"Lantyer Educational","url":"https:\/\/lantyer.com.br\/","logo":{"@type":"ImageObject","inLanguage":"en-US","@id":"https:\/\/lantyer.com.br\/#\/schema\/logo\/image\/","url":"https:\/\/lantyer.com.br\/wp-content\/uploads\/2024\/01\/cropped-logo_transparent_background.png","contentUrl":"https:\/\/lantyer.com.br\/wp-content\/uploads\/2024\/01\/cropped-logo_transparent_background.png","width":3400,"height":938,"caption":"Lantyer Educacional"},"image":{"@id":"https:\/\/lantyer.com.br\/#\/schema\/logo\/image\/"},"sameAs":["https:\/\/www.facebook.com\/lantyereducacional","https:\/\/www.instagram.com\/lantyereducacional","https:\/\/www.linkedin.com\/company\/lantyer-educacional","https:\/\/t.me\/lantyereducacional"],"description":"Lantyer Educacional is an innovative platform focused on high-quality legal education. We offer exclusive online courses for lawyers, students, and legal professionals, with an emphasis on technology, artificial intelligence, and digital law. Our goal is to empower professionals with the necessary tools to excel in the modern legal market, providing practical and up-to-date learning.","publishingPrinciples":"https:\/\/lantyer.com.br\/submissao-de-artigo\/"},{"@type":"Person","@id":"https:\/\/lantyer.com.br\/#\/schema\/person\/60a8acfc49507c2509e5f0c89f93f17b","name":"Victor Habib Lantyer","description":"Lawyer, professor, author, and researcher, specializing in Digital Law, AI, Intellectual Property, and LGPD (Brazilian General Data Protection Law). Author of the book &quot;LGPD and Its Reflections on Labor Law&quot; and &quot;Digital Law and Innovation,&quot; among more than 7 other legal works. Member of the Permanent Commission on Technology and Innovation of the OAB\/BA (Brazilian Bar Association, Bahia Chapter): Coordinator of the Artificial Intelligence coordination and member of the LGPD and Metaverse coordinations. Member of the National Association of Digital Law Lawyers. Creator and developer of the Lantyer Educacional website (www.lantyer.com.br), simplifying legal matters in a simple, easy, and democratic way.","sameAs":["http:\/\/lantyer.com.br","https:\/\/www.instagram.com\/victorhabib\/?hl=pt-br","https:\/\/www.linkedin.com\/in\/victorlantyer\/"],"award":["Ganhador do I Pr\u00eamio Ericsson de Produ\u00e7\u00e3o Acad\u00eamica em Propriedade Intelectual"]}]}},"amp_enabled":true,"_links":{"self":[{"href":"https:\/\/lantyer.com.br\/en\/wp-json\/wp\/v2\/posts\/53","targetHints":{"allow":["GET"]}}],"collection":[{"href":"https:\/\/lantyer.com.br\/en\/wp-json\/wp\/v2\/posts"}],"about":[{"href":"https:\/\/lantyer.com.br\/en\/wp-json\/wp\/v2\/types\/post"}],"author":[{"embeddable":true,"href":"https:\/\/lantyer.com.br\/en\/wp-json\/wp\/v2\/users\/1"}],"replies":[{"embeddable":true,"href":"https:\/\/lantyer.com.br\/en\/wp-json\/wp\/v2\/comments?post=53"}],"version-history":[{"count":0,"href":"https:\/\/lantyer.com.br\/en\/wp-json\/wp\/v2\/posts\/53\/revisions"}],"wp:featuredmedia":[{"embeddable":true,"href":"https:\/\/lantyer.com.br\/en\/wp-json\/wp\/v2\/media\/1351"}],"wp:attachment":[{"href":"https:\/\/lantyer.com.br\/en\/wp-json\/wp\/v2\/media?parent=53"}],"wp:term":[{"taxonomy":"category","embeddable":true,"href":"https:\/\/lantyer.com.br\/en\/wp-json\/wp\/v2\/categories?post=53"},{"taxonomy":"post_tag","embeddable":true,"href":"https:\/\/lantyer.com.br\/en\/wp-json\/wp\/v2\/tags?post=53"}],"curies":[{"name":"wp","href":"https:\/\/api.w.org\/{rel}","templated":true}]}}