{"id":9522,"date":"2021-11-18T01:06:45","date_gmt":"2021-11-18T04:06:45","guid":{"rendered":"https:\/\/lantyer.com.br\/?p=9522"},"modified":"2022-09-15T17:36:05","modified_gmt":"2022-09-15T20:36:05","slug":"the-unborn-child-has-rights","status":"publish","type":"post","link":"https:\/\/lantyer.com.br\/en\/the-unborn-child-has-rights\/","title":{"rendered":"Does the Unborn Child Have Rights?"},"content":{"rendered":"<h3 class=\"wp-block-heading\">Initially, it&#039;s important to define what an unborn child is: according to civil law doctrine, it&#039;s a living being that&#039;s about to be born. According to the law, it&#039;s a living being that&#039;s still in the mother&#039;s womb, being gestated.<\/h3>\n\n\n\n<p><br>From a strict reading of our Civil Code, we have the <strong>Natalist Theory<\/strong>, based on its Article 2, according to which the unborn child is not a person and does not have rights, since the law conditions civil personality to live birth. However, in <strong>Conceptionist Theory<\/strong>, which is based on a constitutional reading of the Civil Code and guided by the principle of Human Dignity, despite the unborn child still being in his mother&#039;s womb, he is a human person, and therefore a bearer of rights.<\/p>\n\n\n\n<div class=\"wp-block-image\"><figure class=\"aligncenter size-large is-resized\"><img fetchpriority=\"high\" decoding=\"async\" src=\"https:\/\/lantyer.com.br\/wp-content\/uploads\/2021\/11\/mustafa-omar-tEz8JU1j-00-unsplash-scaled-684x1024.jpg\" alt=\"\" class=\"wp-image-9524\" width=\"535\" height=\"799\"\/><figcaption>Photo by <a href=\"https:\/\/unsplash.com\/@mustafa_omar?utm_source=unsplash&amp;utm_medium=referral&amp;utm_content=creditCopyText\">Mustafa Omar<\/a> on <a href=\"https:\/\/unsplash.com\/s\/photos\/pregnant?utm_source=unsplash&amp;utm_medium=referral&amp;utm_content=creditCopyText\">Unsplash<\/a><\/figcaption><\/figure><\/div>\n\n\n\n<p><br>In other words, the Theory received by the law is the <strong>Christmastide<\/strong>, and we have had an increasing tendency, over the years, to use the <strong>Conceptionist Theory<\/strong>, understanding the unborn child as a subject of rights.<\/p>\n\n\n\n<p><br>Thus, the unborn child is the holder of personality rights, such as the right to prenatal protection, the right to life, the right to pregnancy support; the right to receive donations, without prejudice to applicable taxes; the right to inheritance and legacy; and a guardian may be appointed to defend their interests, among others.<\/p>\n\n\n\n<p><br>It is important to emphasize that Nascituro is not to be confused with Stillborn, which is a stillborn child, which must be registered in a specific book at the Natural Persons Registry Office, and which will also have personality rights to be preserved, such as name, image and burial, among others.<\/p>\n\n\n\n<figure class=\"wp-block-embed is-type-wp-embed is-provider-lantyer-educacional wp-block-embed-lantyer-educacional\"><div class=\"wp-block-embed__wrapper\">\n<blockquote class=\"wp-embedded-content\" data-secret=\"fEbYFWhRL3\"><a href=\"https:\/\/lantyer.com.br\/en\/harry-potter-and-the-legacy-of-other-peoples-property-in-brazilian-law\/\">Harry Potter and the Legacy of Other People&#039;s Things in Brazilian Law<\/a><\/blockquote><iframe class=\"wp-embedded-content\" sandbox=\"allow-scripts\" security=\"restricted\" style=\"position: absolute; clip: rect(1px, 1px, 1px, 1px);\" title=\"\u201cHarry Potter and the Legacy of Other People\u2019s Things in Brazilian Law\u201d \u2014 Lantyer Educacional\" src=\"https:\/\/lantyer.com.br\/harry-potter-e-o-legado-de-coisa-alheia-no-direito-brasileiro\/embed\/#?secret=ZlzRgfKVmu#?secret=fEbYFWhRL3\" data-secret=\"fEbYFWhRL3\" width=\"600\" height=\"338\" frameborder=\"0\" marginwidth=\"0\" marginheight=\"0\" scrolling=\"no\"><\/iframe>\n<\/div><\/figure>\n\n\n\n<p><\/p>","protected":false},"excerpt":{"rendered":"<p>Inicialmente, cabe conceituar o que se entende por nascituro: de acordo com a doutrina civilista, \u00e9 o ser vivo que est\u00e1 por nascer. Para o direito, \u00e9 o ser vivo que ainda est\u00e1 na barriga da m\u00e3e, sendo gestado. De&#8230;<\/p>","protected":false},"author":1,"featured_media":9523,"comment_status":"closed","ping_status":"closed","sticky":false,"template":"","format":"standard","meta":{"footnotes":""},"categories":[836],"tags":[11],"class_list":["post-9522","post","type-post","status-publish","format-standard","has-post-thumbnail","hentry","category-direito-civil","tag-direito-civil"],"yoast_head":"<!-- This site is optimized with the Yoast SEO Premium plugin v26.1 (Yoast SEO v27.5) - https:\/\/yoast.com\/product\/yoast-seo-premium-wordpress\/ -->\n<title>O Nascituro tem Direitos? &#8211; Lantyer Educacional<\/title>\n<meta name=\"robots\" content=\"index, follow, max-snippet:-1, max-image-preview:large, max-video-preview:-1\" \/>\n<link rel=\"canonical\" href=\"https:\/\/lantyer.com.br\/en\/the-unborn-child-has-rights\/\" \/>\n<meta property=\"og:locale\" content=\"en_US\" \/>\n<meta property=\"og:type\" content=\"article\" \/>\n<meta property=\"og:title\" content=\"O Nascituro tem Direitos?\" \/>\n<meta property=\"og:description\" content=\"Inicialmente, cabe conceituar o que se entende por nascituro: de acordo com a doutrina civilista, \u00e9 o ser vivo que est\u00e1 por nascer. Para o direito, \u00e9 o ser vivo que ainda est\u00e1 na barriga da m\u00e3e, sendo gestado. De...\" \/>\n<meta property=\"og:url\" content=\"https:\/\/lantyer.com.br\/en\/the-unborn-child-has-rights\/\" \/>\n<meta property=\"og:site_name\" content=\"Lantyer Educacional\" \/>\n<meta property=\"article:publisher\" content=\"https:\/\/www.facebook.com\/lantyereducacional\" \/>\n<meta property=\"article:published_time\" content=\"2021-11-18T04:06:45+00:00\" \/>\n<meta property=\"article:modified_time\" content=\"2022-09-15T20:36:05+00:00\" \/>\n<meta property=\"og:image\" content=\"https:\/\/lantyer.com.br\/wp-content\/uploads\/2021\/11\/camylla-battani-dz8g0IxEqh0-unsplash-scaled.jpg\" \/>\n\t<meta property=\"og:image:width\" content=\"2560\" \/>\n\t<meta property=\"og:image:height\" content=\"1707\" \/>\n\t<meta property=\"og:image:type\" content=\"image\/jpeg\" \/>\n<meta name=\"author\" content=\"Victor Habib Lantyer\" \/>\n<meta name=\"twitter:card\" content=\"summary_large_image\" \/>\n<meta name=\"twitter:label1\" content=\"Written by\" \/>\n\t<meta name=\"twitter:data1\" content=\"Victor Habib Lantyer\" \/>\n\t<meta name=\"twitter:label2\" content=\"Est. reading time\" \/>\n\t<meta name=\"twitter:data2\" content=\"1 minute\" \/>\n<script type=\"application\/ld+json\" class=\"yoast-schema-graph\">{\"@context\":\"https:\\\/\\\/schema.org\",\"@graph\":[{\"@type\":\"Article\",\"@id\":\"https:\\\/\\\/lantyer.com.br\\\/o-nascituro-tem-direitos\\\/#article\",\"isPartOf\":{\"@id\":\"https:\\\/\\\/lantyer.com.br\\\/o-nascituro-tem-direitos\\\/\"},\"author\":{\"name\":\"Victor Habib Lantyer\",\"@id\":\"https:\\\/\\\/lantyer.com.br\\\/#\\\/schema\\\/person\\\/60a8acfc49507c2509e5f0c89f93f17b\"},\"headline\":\"O Nascituro tem Direitos?\",\"datePublished\":\"2021-11-18T04:06:45+00:00\",\"dateModified\":\"2022-09-15T20:36:05+00:00\",\"mainEntityOfPage\":{\"@id\":\"https:\\\/\\\/lantyer.com.br\\\/o-nascituro-tem-direitos\\\/\"},\"wordCount\":277,\"publisher\":{\"@id\":\"https:\\\/\\\/lantyer.com.br\\\/#organization\"},\"image\":{\"@id\":\"https:\\\/\\\/lantyer.com.br\\\/o-nascituro-tem-direitos\\\/#primaryimage\"},\"thumbnailUrl\":\"https:\\\/\\\/lantyer.com.br\\\/wp-content\\\/uploads\\\/2021\\\/11\\\/camylla-battani-dz8g0IxEqh0-unsplash-scaled.jpg\",\"keywords\":[\"Direito Civil\"],\"articleSection\":[\"Direito Civil\"],\"inLanguage\":\"en-US\",\"copyrightYear\":\"2021\",\"copyrightHolder\":{\"@id\":\"https:\\\/\\\/lantyer.com.br\\\/en\\\/#organization\"}},{\"@type\":\"WebPage\",\"@id\":\"https:\\\/\\\/lantyer.com.br\\\/o-nascituro-tem-direitos\\\/\",\"url\":\"https:\\\/\\\/lantyer.com.br\\\/o-nascituro-tem-direitos\\\/\",\"name\":\"O Nascituro tem Direitos? &#8211; Lantyer Educacional\",\"isPartOf\":{\"@id\":\"https:\\\/\\\/lantyer.com.br\\\/#website\"},\"primaryImageOfPage\":{\"@id\":\"https:\\\/\\\/lantyer.com.br\\\/o-nascituro-tem-direitos\\\/#primaryimage\"},\"image\":{\"@id\":\"https:\\\/\\\/lantyer.com.br\\\/o-nascituro-tem-direitos\\\/#primaryimage\"},\"thumbnailUrl\":\"https:\\\/\\\/lantyer.com.br\\\/wp-content\\\/uploads\\\/2021\\\/11\\\/camylla-battani-dz8g0IxEqh0-unsplash-scaled.jpg\",\"datePublished\":\"2021-11-18T04:06:45+00:00\",\"dateModified\":\"2022-09-15T20:36:05+00:00\",\"breadcrumb\":{\"@id\":\"https:\\\/\\\/lantyer.com.br\\\/o-nascituro-tem-direitos\\\/#breadcrumb\"},\"inLanguage\":\"en-US\",\"potentialAction\":[{\"@type\":\"ReadAction\",\"target\":[\"https:\\\/\\\/lantyer.com.br\\\/o-nascituro-tem-direitos\\\/\"]}]},{\"@type\":\"ImageObject\",\"inLanguage\":\"en-US\",\"@id\":\"https:\\\/\\\/lantyer.com.br\\\/o-nascituro-tem-direitos\\\/#primaryimage\",\"url\":\"https:\\\/\\\/lantyer.com.br\\\/wp-content\\\/uploads\\\/2021\\\/11\\\/camylla-battani-dz8g0IxEqh0-unsplash-scaled.jpg\",\"contentUrl\":\"https:\\\/\\\/lantyer.com.br\\\/wp-content\\\/uploads\\\/2021\\\/11\\\/camylla-battani-dz8g0IxEqh0-unsplash-scaled.jpg\",\"width\":2560,\"height\":1707},{\"@type\":\"BreadcrumbList\",\"@id\":\"https:\\\/\\\/lantyer.com.br\\\/o-nascituro-tem-direitos\\\/#breadcrumb\",\"itemListElement\":[{\"@type\":\"ListItem\",\"position\":1,\"name\":\"In\u00edcio\",\"item\":\"https:\\\/\\\/lantyer.com.br\\\/\"},{\"@type\":\"ListItem\",\"position\":2,\"name\":\"O Nascituro tem Direitos?\"}]},{\"@type\":\"WebSite\",\"@id\":\"https:\\\/\\\/lantyer.com.br\\\/#website\",\"url\":\"https:\\\/\\\/lantyer.com.br\\\/\",\"name\":\"Lantyer Educacional\",\"description\":\"Direito Descomplicado. Simples, F\u00e1cil e Democr\u00e1tico\",\"publisher\":{\"@id\":\"https:\\\/\\\/lantyer.com.br\\\/#organization\"},\"potentialAction\":[{\"@type\":\"SearchAction\",\"target\":{\"@type\":\"EntryPoint\",\"urlTemplate\":\"https:\\\/\\\/lantyer.com.br\\\/?s={search_term_string}\"},\"query-input\":{\"@type\":\"PropertyValueSpecification\",\"valueRequired\":true,\"valueName\":\"search_term_string\"}}],\"inLanguage\":\"en-US\"},{\"@type\":\"Organization\",\"@id\":\"https:\\\/\\\/lantyer.com.br\\\/#organization\",\"name\":\"Lantyer Educacional\",\"url\":\"https:\\\/\\\/lantyer.com.br\\\/\",\"logo\":{\"@type\":\"ImageObject\",\"inLanguage\":\"en-US\",\"@id\":\"https:\\\/\\\/lantyer.com.br\\\/#\\\/schema\\\/logo\\\/image\\\/\",\"url\":\"https:\\\/\\\/lantyer.com.br\\\/wp-content\\\/uploads\\\/2024\\\/01\\\/cropped-logo_transparent_background.png\",\"contentUrl\":\"https:\\\/\\\/lantyer.com.br\\\/wp-content\\\/uploads\\\/2024\\\/01\\\/cropped-logo_transparent_background.png\",\"width\":3400,\"height\":938,\"caption\":\"Lantyer Educacional\"},\"image\":{\"@id\":\"https:\\\/\\\/lantyer.com.br\\\/#\\\/schema\\\/logo\\\/image\\\/\"},\"sameAs\":[\"https:\\\/\\\/www.facebook.com\\\/lantyereducacional\",\"https:\\\/\\\/www.instagram.com\\\/lantyereducacional\",\"https:\\\/\\\/www.linkedin.com\\\/company\\\/lantyer-educacional\",\"https:\\\/\\\/t.me\\\/lantyereducacional\"],\"description\":\"Lantyer Educacional \u00e9 uma plataforma inovadora focada na educa\u00e7\u00e3o jur\u00eddica de alta qualidade. Oferecemos cursos online exclusivos para advogados, estudantes e operadores do direito, com \u00eanfase em tecnologia, intelig\u00eancia artificial e direito digital. Nosso objetivo \u00e9 capacitar profissionais com as ferramentas necess\u00e1rias para se destacarem no mercado jur\u00eddico moderno, proporcionando aprendizado pr\u00e1tico e atualizado.\",\"publishingPrinciples\":\"https:\\\/\\\/lantyer.com.br\\\/submissao-de-artigo\\\/\"},{\"@type\":\"Person\",\"@id\":\"https:\\\/\\\/lantyer.com.br\\\/#\\\/schema\\\/person\\\/60a8acfc49507c2509e5f0c89f93f17b\",\"name\":\"Victor Habib Lantyer\",\"description\":\"Advogado, professor, Autor e Pesquisador, especializado em Direito Digital, IA, Propriedade Intelectual e LGPD. Autor do livro LGPD e Seus Reflexos no Direito do Trabalho e Direito Digital e Inova\u00e7\u00e3o mais de 7 obras jur\u00eddicas. Membro da Comiss\u00e3o Permanente de Tecnologia e Inova\u00e7\u00e3o da OAB\\\/BA: Coordenador da coordena\u00e7\u00e3o de Intelig\u00eancia Artificial e membro das coordena\u00e7\u00f5es de LGPD e Metaverso. Membro da Associa\u00e7\u00e3o Nacional de Advogados de Direito Digital. Criador e idealizador do site Lantyer Educacional (www.lantyer.com.br), descomplicando assuntos jur\u00eddicos de forma simples, f\u00e1cil e democr\u00e1tica.\",\"sameAs\":[\"http:\\\/\\\/lantyer.com.br\",\"https:\\\/\\\/www.instagram.com\\\/victorhabib\\\/?hl=pt-br\",\"https:\\\/\\\/www.linkedin.com\\\/in\\\/victorlantyer\\\/\"],\"award\":[\"Ganhador do I Pr\u00eamio Ericsson de Produ\u00e7\u00e3o Acad\u00eamica em Propriedade Intelectual\"]}]}<\/script>\n<!-- \/ Yoast SEO Premium plugin. -->","yoast_head_json":{"title":"Does the Unborn Child Have Rights? \u2013 Lantyer Educational","robots":{"index":"index","follow":"follow","max-snippet":"max-snippet:-1","max-image-preview":"max-image-preview:large","max-video-preview":"max-video-preview:-1"},"canonical":"https:\/\/lantyer.com.br\/en\/the-unborn-child-has-rights\/","og_locale":"en_US","og_type":"article","og_title":"O Nascituro tem Direitos?","og_description":"Inicialmente, cabe conceituar o que se entende por nascituro: de acordo com a doutrina civilista, \u00e9 o ser vivo que est\u00e1 por nascer. Para o direito, \u00e9 o ser vivo que ainda est\u00e1 na barriga da m\u00e3e, sendo gestado. De...","og_url":"https:\/\/lantyer.com.br\/en\/the-unborn-child-has-rights\/","og_site_name":"Lantyer Educacional","article_publisher":"https:\/\/www.facebook.com\/lantyereducacional","article_published_time":"2021-11-18T04:06:45+00:00","article_modified_time":"2022-09-15T20:36:05+00:00","og_image":[{"width":2560,"height":1707,"url":"https:\/\/lantyer.com.br\/wp-content\/uploads\/2021\/11\/camylla-battani-dz8g0IxEqh0-unsplash-scaled.jpg","type":"image\/jpeg"}],"author":"Victor Habib Lantyer","twitter_card":"summary_large_image","twitter_misc":{"Written by":"Victor Habib Lantyer","Est. reading time":"1 minute"},"schema":{"@context":"https:\/\/schema.org","@graph":[{"@type":"Article","@id":"https:\/\/lantyer.com.br\/o-nascituro-tem-direitos\/#article","isPartOf":{"@id":"https:\/\/lantyer.com.br\/o-nascituro-tem-direitos\/"},"author":{"name":"Victor Habib Lantyer","@id":"https:\/\/lantyer.com.br\/#\/schema\/person\/60a8acfc49507c2509e5f0c89f93f17b"},"headline":"O Nascituro tem Direitos?","datePublished":"2021-11-18T04:06:45+00:00","dateModified":"2022-09-15T20:36:05+00:00","mainEntityOfPage":{"@id":"https:\/\/lantyer.com.br\/o-nascituro-tem-direitos\/"},"wordCount":277,"publisher":{"@id":"https:\/\/lantyer.com.br\/#organization"},"image":{"@id":"https:\/\/lantyer.com.br\/o-nascituro-tem-direitos\/#primaryimage"},"thumbnailUrl":"https:\/\/lantyer.com.br\/wp-content\/uploads\/2021\/11\/camylla-battani-dz8g0IxEqh0-unsplash-scaled.jpg","keywords":["Direito Civil"],"articleSection":["Direito Civil"],"inLanguage":"en-US","copyrightYear":"2021","copyrightHolder":{"@id":"https:\/\/lantyer.com.br\/en\/#organization"}},{"@type":"WebPage","@id":"https:\/\/lantyer.com.br\/o-nascituro-tem-direitos\/","url":"https:\/\/lantyer.com.br\/o-nascituro-tem-direitos\/","name":"Does the Unborn Child Have Rights? \u2013 Lantyer Educational","isPartOf":{"@id":"https:\/\/lantyer.com.br\/#website"},"primaryImageOfPage":{"@id":"https:\/\/lantyer.com.br\/o-nascituro-tem-direitos\/#primaryimage"},"image":{"@id":"https:\/\/lantyer.com.br\/o-nascituro-tem-direitos\/#primaryimage"},"thumbnailUrl":"https:\/\/lantyer.com.br\/wp-content\/uploads\/2021\/11\/camylla-battani-dz8g0IxEqh0-unsplash-scaled.jpg","datePublished":"2021-11-18T04:06:45+00:00","dateModified":"2022-09-15T20:36:05+00:00","breadcrumb":{"@id":"https:\/\/lantyer.com.br\/o-nascituro-tem-direitos\/#breadcrumb"},"inLanguage":"en-US","potentialAction":[{"@type":"ReadAction","target":["https:\/\/lantyer.com.br\/o-nascituro-tem-direitos\/"]}]},{"@type":"ImageObject","inLanguage":"en-US","@id":"https:\/\/lantyer.com.br\/o-nascituro-tem-direitos\/#primaryimage","url":"https:\/\/lantyer.com.br\/wp-content\/uploads\/2021\/11\/camylla-battani-dz8g0IxEqh0-unsplash-scaled.jpg","contentUrl":"https:\/\/lantyer.com.br\/wp-content\/uploads\/2021\/11\/camylla-battani-dz8g0IxEqh0-unsplash-scaled.jpg","width":2560,"height":1707},{"@type":"BreadcrumbList","@id":"https:\/\/lantyer.com.br\/o-nascituro-tem-direitos\/#breadcrumb","itemListElement":[{"@type":"ListItem","position":1,"name":"In\u00edcio","item":"https:\/\/lantyer.com.br\/"},{"@type":"ListItem","position":2,"name":"O Nascituro tem Direitos?"}]},{"@type":"WebSite","@id":"https:\/\/lantyer.com.br\/#website","url":"https:\/\/lantyer.com.br\/","name":"Lantyer Educational","description":"Uncomplicated Law. Simple, Easy, and Democratic","publisher":{"@id":"https:\/\/lantyer.com.br\/#organization"},"potentialAction":[{"@type":"SearchAction","target":{"@type":"EntryPoint","urlTemplate":"https:\/\/lantyer.com.br\/?s={search_term_string}"},"query-input":{"@type":"PropertyValueSpecification","valueRequired":true,"valueName":"search_term_string"}}],"inLanguage":"en-US"},{"@type":"Organization","@id":"https:\/\/lantyer.com.br\/#organization","name":"Lantyer Educational","url":"https:\/\/lantyer.com.br\/","logo":{"@type":"ImageObject","inLanguage":"en-US","@id":"https:\/\/lantyer.com.br\/#\/schema\/logo\/image\/","url":"https:\/\/lantyer.com.br\/wp-content\/uploads\/2024\/01\/cropped-logo_transparent_background.png","contentUrl":"https:\/\/lantyer.com.br\/wp-content\/uploads\/2024\/01\/cropped-logo_transparent_background.png","width":3400,"height":938,"caption":"Lantyer Educacional"},"image":{"@id":"https:\/\/lantyer.com.br\/#\/schema\/logo\/image\/"},"sameAs":["https:\/\/www.facebook.com\/lantyereducacional","https:\/\/www.instagram.com\/lantyereducacional","https:\/\/www.linkedin.com\/company\/lantyer-educacional","https:\/\/t.me\/lantyereducacional"],"description":"Lantyer Educacional is an innovative platform focused on high-quality legal education. We offer exclusive online courses for lawyers, students, and legal professionals, with an emphasis on technology, artificial intelligence, and digital law. Our goal is to empower professionals with the necessary tools to excel in the modern legal market, providing practical and up-to-date learning.","publishingPrinciples":"https:\/\/lantyer.com.br\/submissao-de-artigo\/"},{"@type":"Person","@id":"https:\/\/lantyer.com.br\/#\/schema\/person\/60a8acfc49507c2509e5f0c89f93f17b","name":"Victor Habib Lantyer","description":"Lawyer, professor, author, and researcher, specializing in Digital Law, AI, Intellectual Property, and LGPD (Brazilian General Data Protection Law). Author of the book &quot;LGPD and Its Reflections on Labor Law&quot; and &quot;Digital Law and Innovation,&quot; among more than 7 other legal works. Member of the Permanent Commission on Technology and Innovation of the OAB\/BA (Brazilian Bar Association, Bahia Chapter): Coordinator of the Artificial Intelligence coordination and member of the LGPD and Metaverse coordinations. Member of the National Association of Digital Law Lawyers. Creator and developer of the Lantyer Educacional website (www.lantyer.com.br), simplifying legal matters in a simple, easy, and democratic way.","sameAs":["http:\/\/lantyer.com.br","https:\/\/www.instagram.com\/victorhabib\/?hl=pt-br","https:\/\/www.linkedin.com\/in\/victorlantyer\/"],"award":["Ganhador do I Pr\u00eamio Ericsson de Produ\u00e7\u00e3o Acad\u00eamica em Propriedade Intelectual"]}]}},"amp_enabled":true,"_links":{"self":[{"href":"https:\/\/lantyer.com.br\/en\/wp-json\/wp\/v2\/posts\/9522","targetHints":{"allow":["GET"]}}],"collection":[{"href":"https:\/\/lantyer.com.br\/en\/wp-json\/wp\/v2\/posts"}],"about":[{"href":"https:\/\/lantyer.com.br\/en\/wp-json\/wp\/v2\/types\/post"}],"author":[{"embeddable":true,"href":"https:\/\/lantyer.com.br\/en\/wp-json\/wp\/v2\/users\/1"}],"replies":[{"embeddable":true,"href":"https:\/\/lantyer.com.br\/en\/wp-json\/wp\/v2\/comments?post=9522"}],"version-history":[{"count":0,"href":"https:\/\/lantyer.com.br\/en\/wp-json\/wp\/v2\/posts\/9522\/revisions"}],"wp:featuredmedia":[{"embeddable":true,"href":"https:\/\/lantyer.com.br\/en\/wp-json\/wp\/v2\/media\/9523"}],"wp:attachment":[{"href":"https:\/\/lantyer.com.br\/en\/wp-json\/wp\/v2\/media?parent=9522"}],"wp:term":[{"taxonomy":"category","embeddable":true,"href":"https:\/\/lantyer.com.br\/en\/wp-json\/wp\/v2\/categories?post=9522"},{"taxonomy":"post_tag","embeddable":true,"href":"https:\/\/lantyer.com.br\/en\/wp-json\/wp\/v2\/tags?post=9522"}],"curies":[{"name":"wp","href":"https:\/\/api.w.org\/{rel}","templated":true}]}}